{"id":816,"date":"2018-06-03T21:21:00","date_gmt":"2018-06-03T21:21:00","guid":{"rendered":"http:\/\/lerchenbergtunnel.de\/?p=816"},"modified":"2019-12-17T21:39:34","modified_gmt":"2019-12-17T21:39:34","slug":"rundbrief-06-2018","status":"publish","type":"post","link":"https:\/\/lerchenbergtunnel.de\/?p=816","title":{"rendered":"Rundbrief 06\/2018"},"content":{"rendered":"\n<p>Liebe Mitglieder und\nF\u00f6rderer,<\/p>\n\n\n\n<ol class=\"wp-block-list\"><li><strong>Leider muss der Termin morgen Montag<\/strong> <strong>4.6.2018<\/strong> <strong>mit Rainer Widmann<\/strong> <strong>ausfallen. <\/strong>Der Projektleiter des 23 km langen Fu\u00df-, Rad- und Skaterwegs Wuppertal (5 Tunnel) muss sich einer OP unterziehen. Wir w\u00fcnschen Rainer gute Besserung und freuen und auf einen neuen Termin mit ihm.<\/li><li>Daf\u00fcr wird unser Auftritt in der Fu\u00dfg\u00e4ngerzone endlich wahr:  am <strong>Freitag<\/strong> <strong>15.Juni<\/strong> machen wir einen <strong>Stand<\/strong> auf dem <strong>Kiliansplatz <\/strong>von <strong>14 Uhr bis 20 Uhr <\/strong>als Teil der<strong> Nachhaltigkeitsinsel, <\/strong>zusammen mit weiteren Organisationen (s. Anlage). <\/li><\/ol>\n\n\n\n<!--more-->\n\n\n\n<p><strong>Die Vorbereitung beginnt ab sofort. Wir brauchen (Vorschlag):<\/strong><\/p>\n\n\n\n<p>Tapeziertisch, Stellwand, Stehtisch, R\u00f6hre als Tunnel f\u00fcr Kinder, Fotos, Aufnahmeantrag mit Vereinszielen (\u00e4hnlich Flyer zur Ortsbegehung am 5.Mai), lange Stange mit drehendem Schild oben \u201eErlebnisweg Lerchenbergtunnel e.V.\u201c als Blickfang.<br>Mit drei Zweier-Teams k\u00f6nnten wir unseren Stand je zwei Stunden besetzen. Wer ist dabei?&nbsp; Kreative Ideen sind nat\u00fcrlich willkommen! Bitte melden bei Heidrun Landwehr oder Wolf Theilacker.<\/p>\n\n\n\n<p>Das Poster \u00fcber den\nErlebnisweg als Teil der Ost-West-Tangente durch die s\u00fcdliche Kernstadt: <strong>Neckar hoch 2<\/strong> (doppelt angeschlossen an\nden Neckar-Radweg) \u2013 <strong>Wohngebiet\nS\u00fcdbahnhof<\/strong> \u2013 <strong>HN-Ost<\/strong> (Handarbeit\nvon Wolf) steht ebenfalls zur Verf\u00fcgung. <\/p>\n\n\n\n<p><strong><em>\u201eGehen wir mit Elan in unsere zweite Aktion in diesem Jahr!<\/em><\/strong><br>Euer Vorstand<strong>&nbsp; Heidrun Landwehr, Wolfgang Palm, Wolf Theilacker<\/strong><\/p>\n\n\n\n<p>Bitte vormerken: <strong>Unsere\nHauptversammlung<\/strong><\/p>\n\n\n\n<p><strong>am&nbsp; Montag 16. Juli um 19 Uhr&nbsp; in der Trappensee-Gastst\u00e4tte <\/strong>(J\u00e4gerhausstra\u00dfe)<\/p>\n\n\n\n<p>Thema ist u.a. die Neuwahl des\nKassiers. Gesonderte Einladung folgt.<\/p>\n\n\n\n<hr class=\"wp-block-separator\"\/>\n\n\n\n<p><strong>Ziel unseres gemeinn\u00fctzigen Vereins ErlebnisWeg LerchenbergTunnel e.V. <\/strong>ist die Umgestaltung der <strong>1 km<\/strong> langen, seit 20 Jahren stillgelegten Bahntrasse zwischen dem Wohngebiet S\u00fcdbahnhof und der J\u00e4gerhausstra\u00dfe in einen innerst\u00e4dtischen Fu\u00df-, Rad- und Skaterweg nach dem Wuppertaler Vorbild. Mit diesem fehlenden Glied wird die steigungsfreie, sichere und naturnahe <strong>Direkt<\/strong>verbindung zwischen S\u00fcdstadt, Sontheim und der Oststadt m\u00f6glich.<\/p>\n\n\n\n<p>Als schneller Radweg &#8211; zu 50 Prozent vom Land gef\u00f6rdert \u2013\nvermeidet er motorisierten Verkehr und reduziert so die <strong>verschmutzte Luft in unserer Stadt\n(Grenzwert\u00fcberschreitung!)<\/strong>Er dient den Klimaschutzzielen. Zudem\nverbindet er familienfreundlich unsere Erholungsgebiete Wertwiesenpark\/Freibad\nmit Pf\u00fchlpark\/Trappensee und K\u00f6pfer. <strong>Radeln auf Bahntrassen<\/strong> wird inzwischen\nals&nbsp; <strong>Wirtschaftsfaktor<\/strong> gehandelt, weil er im\nboomenden St\u00e4dte- und Radtourismus Heilbronn um eine Attraktion reicher macht.<\/p>\n\n\n\n<p><strong>\u201eEin kleiner Schritt f\u00fcr die Welt, aber ein gro\u00dfer\nSchritt f\u00fcr Heilbronn.\u201c<\/strong><\/p>\n\n\n\n<p>Nachrichtlich: Die Gemeinderatsmehrheit steht &#8211; Stand heute\n&#8211; dem Projekt ablehnend gegen\u00fcber.<\/p>\n\n\n\n<p>Inzwischen wurde gegen die Stadt Heilbronn (Rang 10 unter\nden St\u00e4dten mit der h\u00f6chsten Luftverschmutzung in Deutschland) Klage erhoben\nwegen ungen\u00fcgender Anstrengungen zur Verbesserung der Luftsituation. <\/p>\n\n\n\n<p>Wir meinen: <strong>H\u00f6chste\nEisenbahn, dass sich &#8211; nach 20 Jahren! &#8211; Bahn und Stadt endlich an einen Tisch\nsetzen und Ergebnisse liefern.<\/strong> Sprechen kostet nichts, bringt aber viel.\nDenn die Umwandlung der Bahntrasse ist offensichtlich eine win-win-Situation\nf\u00fcr die Bahn wie auch f\u00fcr unsere Stadt.&nbsp; <\/p>\n\n\n\n<p><strong>750\nBahntrassen-Radwege<\/strong><strong> in Deutschland stehen f\u00fcr <\/strong><strong>5 000 km<\/strong><strong> sicheres Radeln.<\/strong><\/p>\n\n\n\n<p><a href=\"http:\/\/www.bahntrassenradeln.de\/bahntrassenradeln.htm\">http:\/\/www.bahntrassenradeln.de\/bahntrassenradeln.htm<\/a><\/p>\n\n\n\n<p><strong>Warum ist <\/strong><strong>ein\nKilometer<\/strong><strong> Bahntrasse in Heilbronn eine unendliche Geschichte?<\/strong><\/p>\n\n\n\n<p>Leserbriefe und das gezielte Ansprechen von Stadtr\u00e4tinnen, Stadtr\u00e4ten und der Verwaltungsspitze noch vor der Sommerpause k\u00f6nnen hilfreich sein.<\/p>\n","protected":false},"excerpt":{"rendered":"<p>Liebe Mitglieder und F\u00f6rderer, Leider muss der Termin morgen Montag 4.6.2018 mit Rainer Widmann ausfallen. Der Projektleiter des 23 km langen Fu\u00df-, Rad- und Skaterwegs Wuppertal (5 Tunnel) muss sich einer OP unterziehen. Wir w\u00fcnschen Rainer gute Besserung und freuen und auf einen neuen Termin mit ihm. Daf\u00fcr wird unser Auftritt in der Fu\u00dfg\u00e4ngerzone endlich wahr: am Freitag 15.Juni machen wir einen Stand auf dem Kiliansplatz von 14 Uhr bis 20 Uhr als Teil der Nachhaltigkeitsinsel, zusammen mit weiteren Organisationen&#8230;<\/p>\n<p class=\"read-more\"><a class=\"btn btn-default\" href=\"https:\/\/lerchenbergtunnel.de\/?p=816\">Weiterlesen<span class=\"screen-reader-text\"> Weiterlesen<\/span><\/a><\/p>\n","protected":false},"author":8,"featured_media":0,"comment_status":"open","ping_status":"open","sticky":false,"template":"","format":"standard","meta":{"footnotes":""},"categories":[3],"tags":[],"class_list":["post-816","post","type-post","status-publish","format-standard","hentry","category-verein"],"featured_image_urls_v2":{"full":"","thumbnail":"","medium":"","medium_large":"","large":"","1536x1536":"","2048x2048":"","complete_open_graph":"","post-thumbnail":"","nisarg-full-width":""},"post_excerpt_stackable_v2":"<p>Liebe Mitglieder und F\u00f6rderer, Leider muss der Termin morgen Montag 4.6.2018 mit Rainer Widmann ausfallen. Der Projektleiter des 23 km langen Fu\u00df-, Rad- und Skaterwegs Wuppertal (5 Tunnel) muss sich einer OP unterziehen. Wir w\u00fcnschen Rainer gute Besserung und freuen und auf einen neuen Termin mit ihm.Daf\u00fcr wird unser Auftritt in der Fu\u00dfg\u00e4ngerzone endlich wahr: am Freitag 15.Juni machen wir einen Stand auf dem Kiliansplatz von 14 Uhr bis 20 Uhr als Teil der Nachhaltigkeitsinsel, zusammen mit weiteren Organisationen (s. Anlage). Die Vorbereitung beginnt ab sofort. Wir brauchen (Vorschlag): Tapeziertisch, Stellwand, Stehtisch, R\u00f6hre als Tunnel f\u00fcr Kinder, Fotos, Aufnahmeantrag mit&hellip;<\/p>\n","category_list_v2":"<a href=\"https:\/\/lerchenbergtunnel.de\/?cat=3\" rel=\"category\">Verein<\/a>","author_info_v2":{"name":"Wolf Theilacker","url":"https:\/\/lerchenbergtunnel.de\/?author=8"},"comments_num_v2":"0 comments","_links":{"self":[{"href":"https:\/\/lerchenbergtunnel.de\/index.php?rest_route=\/wp\/v2\/posts\/816","targetHints":{"allow":["GET"]}}],"collection":[{"href":"https:\/\/lerchenbergtunnel.de\/index.php?rest_route=\/wp\/v2\/posts"}],"about":[{"href":"https:\/\/lerchenbergtunnel.de\/index.php?rest_route=\/wp\/v2\/types\/post"}],"author":[{"embeddable":true,"href":"https:\/\/lerchenbergtunnel.de\/index.php?rest_route=\/wp\/v2\/users\/8"}],"replies":[{"embeddable":true,"href":"https:\/\/lerchenbergtunnel.de\/index.php?rest_route=%2Fwp%2Fv2%2Fcomments&post=816"}],"version-history":[{"count":2,"href":"https:\/\/lerchenbergtunnel.de\/index.php?rest_route=\/wp\/v2\/posts\/816\/revisions"}],"predecessor-version":[{"id":821,"href":"https:\/\/lerchenbergtunnel.de\/index.php?rest_route=\/wp\/v2\/posts\/816\/revisions\/821"}],"wp:attachment":[{"href":"https:\/\/lerchenbergtunnel.de\/index.php?rest_route=%2Fwp%2Fv2%2Fmedia&parent=816"}],"wp:term":[{"taxonomy":"category","embeddable":true,"href":"https:\/\/lerchenbergtunnel.de\/index.php?rest_route=%2Fwp%2Fv2%2Fcategories&post=816"},{"taxonomy":"post_tag","embeddable":true,"href":"https:\/\/lerchenbergtunnel.de\/index.php?rest_route=%2Fwp%2Fv2%2Ftags&post=816"}],"curies":[{"name":"wp","href":"https:\/\/api.w.org\/{rel}","templated":true}]}}