{"id":2763,"date":"2018-05-05T21:45:00","date_gmt":"2018-05-05T21:45:00","guid":{"rendered":"https:\/\/lerchenbergtunnel.de\/?p=2763"},"modified":"2025-08-06T14:48:03","modified_gmt":"2025-08-06T14:48:03","slug":"infowanderung-mit-freischnitt-aktion","status":"publish","type":"post","link":"https:\/\/lerchenbergtunnel.de\/?p=2763","title":{"rendered":"Infowanderung mit Freischnitt-Aktion"},"content":{"rendered":"\n<p>Bei sonnigem Wetter l\u00e4dt der Verein zu einer \u00f6ffentlichen Informationsveranstaltung mit Begehung der Trasse von S\u00fcdbahnhof bis zum Bahn\u00fcbergang Silcherstra\u00dfe. Mit dabei: ein Presseteam des SWR, der im Anschluss \u00fcber die Veranstaltung berichtet (s. <a href=\"https:\/\/lerchenbergtunnel.de\/?page_id=27\">Pressearchiv<\/a>).<\/p>\n\n\n\n<p><em>(Klick auf Bild zum Vergr\u00f6\u00dfern)<\/em><\/p>\n\n\n\n<figure class=\"wp-block-gallery has-nested-images columns-default is-cropped wp-block-gallery-1 is-layout-flex wp-block-gallery-is-layout-flex\">\n<figure class=\"wp-block-image size-full\"><a href=\"https:\/\/lerchenbergtunnel.de\/wp-content\/uploads\/2025\/08\/Infoveranstaltung_Freischnitt1-1.jpg\"><img loading=\"lazy\" decoding=\"async\" width=\"1024\" height=\"576\" data-id=\"2783\" src=\"https:\/\/lerchenbergtunnel.de\/wp-content\/uploads\/2025\/08\/Infoveranstaltung_Freischnitt1-1.jpg\" alt=\"\" class=\"wp-image-2783\" srcset=\"https:\/\/lerchenbergtunnel.de\/wp-content\/uploads\/2025\/08\/Infoveranstaltung_Freischnitt1-1.jpg 1024w, https:\/\/lerchenbergtunnel.de\/wp-content\/uploads\/2025\/08\/Infoveranstaltung_Freischnitt1-1-300x169.jpg 300w, https:\/\/lerchenbergtunnel.de\/wp-content\/uploads\/2025\/08\/Infoveranstaltung_Freischnitt1-1-768x432.jpg 768w, https:\/\/lerchenbergtunnel.de\/wp-content\/uploads\/2025\/08\/Infoveranstaltung_Freischnitt1-1-480x270.jpg 480w\" sizes=\"auto, (max-width: 1024px) 100vw, 1024px\" \/><\/a><figcaption class=\"wp-element-caption\">Auftakt der Veranstaltung auf dem Parkplatz von Edeka \u00dcltzh\u00f6fer<\/figcaption><\/figure>\n\n\n\n<figure class=\"wp-block-image size-full\"><a href=\"https:\/\/lerchenbergtunnel.de\/wp-content\/uploads\/2025\/08\/Infoveranstaltung_Freischnitt2-1.jpg\"><img loading=\"lazy\" decoding=\"async\" width=\"1024\" height=\"768\" data-id=\"2784\" src=\"https:\/\/lerchenbergtunnel.de\/wp-content\/uploads\/2025\/08\/Infoveranstaltung_Freischnitt2-1.jpg\" alt=\"\" class=\"wp-image-2784\" srcset=\"https:\/\/lerchenbergtunnel.de\/wp-content\/uploads\/2025\/08\/Infoveranstaltung_Freischnitt2-1.jpg 1024w, https:\/\/lerchenbergtunnel.de\/wp-content\/uploads\/2025\/08\/Infoveranstaltung_Freischnitt2-1-300x225.jpg 300w, https:\/\/lerchenbergtunnel.de\/wp-content\/uploads\/2025\/08\/Infoveranstaltung_Freischnitt2-1-768x576.jpg 768w, https:\/\/lerchenbergtunnel.de\/wp-content\/uploads\/2025\/08\/Infoveranstaltung_Freischnitt2-1-360x270.jpg 360w\" sizes=\"auto, (max-width: 1024px) 100vw, 1024px\" \/><\/a><figcaption class=\"wp-element-caption\">Wolf Theilacker stellt das Projekt vor<\/figcaption><\/figure>\n\n\n\n<figure class=\"wp-block-image size-full\"><a href=\"https:\/\/lerchenbergtunnel.de\/wp-content\/uploads\/2025\/08\/Infoveranstaltung_Freischnitt3-1.jpg\"><img loading=\"lazy\" decoding=\"async\" width=\"768\" height=\"1024\" data-id=\"2785\" src=\"https:\/\/lerchenbergtunnel.de\/wp-content\/uploads\/2025\/08\/Infoveranstaltung_Freischnitt3-1.jpg\" alt=\"\" class=\"wp-image-2785\" srcset=\"https:\/\/lerchenbergtunnel.de\/wp-content\/uploads\/2025\/08\/Infoveranstaltung_Freischnitt3-1.jpg 768w, https:\/\/lerchenbergtunnel.de\/wp-content\/uploads\/2025\/08\/Infoveranstaltung_Freischnitt3-1-225x300.jpg 225w, https:\/\/lerchenbergtunnel.de\/wp-content\/uploads\/2025\/08\/Infoveranstaltung_Freischnitt3-1-203x270.jpg 203w\" sizes=\"auto, (max-width: 768px) 100vw, 768px\" \/><\/a><figcaption class=\"wp-element-caption\">Die Begehung startet entlang der S\u00fcdbahnhoftrasse in Richtung Lerchenbergtunnel<\/figcaption><\/figure>\n\n\n\n<figure class=\"wp-block-image size-full\"><a href=\"https:\/\/lerchenbergtunnel.de\/wp-content\/uploads\/2025\/08\/Infoveranstaltung_Freischnitt4-1.jpg\"><img loading=\"lazy\" decoding=\"async\" width=\"1024\" height=\"576\" data-id=\"2786\" src=\"https:\/\/lerchenbergtunnel.de\/wp-content\/uploads\/2025\/08\/Infoveranstaltung_Freischnitt4-1.jpg\" alt=\"\" class=\"wp-image-2786\" srcset=\"https:\/\/lerchenbergtunnel.de\/wp-content\/uploads\/2025\/08\/Infoveranstaltung_Freischnitt4-1.jpg 1024w, https:\/\/lerchenbergtunnel.de\/wp-content\/uploads\/2025\/08\/Infoveranstaltung_Freischnitt4-1-300x169.jpg 300w, https:\/\/lerchenbergtunnel.de\/wp-content\/uploads\/2025\/08\/Infoveranstaltung_Freischnitt4-1-768x432.jpg 768w, https:\/\/lerchenbergtunnel.de\/wp-content\/uploads\/2025\/08\/Infoveranstaltung_Freischnitt4-1-480x270.jpg 480w\" sizes=\"auto, (max-width: 1024px) 100vw, 1024px\" \/><\/a><figcaption class=\"wp-element-caption\">Unter der Stuttgarter Br\u00fccke<\/figcaption><\/figure>\n\n\n\n<figure class=\"wp-block-image size-full\"><a href=\"https:\/\/lerchenbergtunnel.de\/wp-content\/uploads\/2025\/08\/Infoveranstaltung_Freischnitt6-1.jpg\"><img loading=\"lazy\" decoding=\"async\" width=\"1024\" height=\"768\" data-id=\"2788\" src=\"https:\/\/lerchenbergtunnel.de\/wp-content\/uploads\/2025\/08\/Infoveranstaltung_Freischnitt6-1.jpg\" alt=\"\" class=\"wp-image-2788\" srcset=\"https:\/\/lerchenbergtunnel.de\/wp-content\/uploads\/2025\/08\/Infoveranstaltung_Freischnitt6-1.jpg 1024w, https:\/\/lerchenbergtunnel.de\/wp-content\/uploads\/2025\/08\/Infoveranstaltung_Freischnitt6-1-300x225.jpg 300w, https:\/\/lerchenbergtunnel.de\/wp-content\/uploads\/2025\/08\/Infoveranstaltung_Freischnitt6-1-768x576.jpg 768w, https:\/\/lerchenbergtunnel.de\/wp-content\/uploads\/2025\/08\/Infoveranstaltung_Freischnitt6-1-360x270.jpg 360w\" sizes=\"auto, (max-width: 1024px) 100vw, 1024px\" \/><\/a><figcaption class=\"wp-element-caption\">Interview und Beginn der Freischnittaktion<\/figcaption><\/figure>\n\n\n\n<figure class=\"wp-block-image size-full\"><a href=\"https:\/\/lerchenbergtunnel.de\/wp-content\/uploads\/2025\/08\/Infoveranstaltung_Freischnitt5-1.jpg\"><img loading=\"lazy\" decoding=\"async\" width=\"576\" height=\"1024\" data-id=\"2787\" src=\"https:\/\/lerchenbergtunnel.de\/wp-content\/uploads\/2025\/08\/Infoveranstaltung_Freischnitt5-1.jpg\" alt=\"\" class=\"wp-image-2787\" srcset=\"https:\/\/lerchenbergtunnel.de\/wp-content\/uploads\/2025\/08\/Infoveranstaltung_Freischnitt5-1.jpg 576w, https:\/\/lerchenbergtunnel.de\/wp-content\/uploads\/2025\/08\/Infoveranstaltung_Freischnitt5-1-169x300.jpg 169w, https:\/\/lerchenbergtunnel.de\/wp-content\/uploads\/2025\/08\/Infoveranstaltung_Freischnitt5-1-152x270.jpg 152w\" sizes=\"auto, (max-width: 576px) 100vw, 576px\" \/><\/a><figcaption class=\"wp-element-caption\">In Position f\u00fcr das Pressefoto<\/figcaption><\/figure>\n\n\n\n<figure class=\"wp-block-image size-full\"><a href=\"https:\/\/lerchenbergtunnel.de\/wp-content\/uploads\/2025\/08\/Infoveranstaltung_Freischnitt7-1.jpg\"><img loading=\"lazy\" decoding=\"async\" width=\"1024\" height=\"576\" data-id=\"2789\" src=\"https:\/\/lerchenbergtunnel.de\/wp-content\/uploads\/2025\/08\/Infoveranstaltung_Freischnitt7-1.jpg\" alt=\"\" class=\"wp-image-2789\" srcset=\"https:\/\/lerchenbergtunnel.de\/wp-content\/uploads\/2025\/08\/Infoveranstaltung_Freischnitt7-1.jpg 1024w, https:\/\/lerchenbergtunnel.de\/wp-content\/uploads\/2025\/08\/Infoveranstaltung_Freischnitt7-1-300x169.jpg 300w, https:\/\/lerchenbergtunnel.de\/wp-content\/uploads\/2025\/08\/Infoveranstaltung_Freischnitt7-1-768x432.jpg 768w, https:\/\/lerchenbergtunnel.de\/wp-content\/uploads\/2025\/08\/Infoveranstaltung_Freischnitt7-1-480x270.jpg 480w\" sizes=\"auto, (max-width: 1024px) 100vw, 1024px\" \/><\/a><figcaption class=\"wp-element-caption\">Freischnittaktion<\/figcaption><\/figure>\n<\/figure>\n\n\n\n<hr class=\"wp-block-separator has-alpha-channel-opacity\"\/>\n\n\n\n<p>Unser Vereinsmitglied Gerd Koppenh\u00f6fer hat einen kleinen Film \u00fcber die Veranstaltung erstellt:<\/p>\n\n\n\n<iframe loading=\"lazy\" src=\"https:\/\/www.facebook.com\/plugins\/video.php?height=314&#038;href=https%3A%2F%2Fwww.facebook.com%2Few.lerchenbergtunnel%2Fvideos%2F1849521832012195%2F&#038;show_text=false&#038;width=560&#038;t=0\" width=\"560\" height=\"314\" style=\"border:none;overflow:hidden\" scrolling=\"no\" frameborder=\"0\" allowfullscreen=\"true\" allow=\"autoplay; clipboard-write; encrypted-media; picture-in-picture; web-share\" allowFullScreen=\"true\"><\/iframe>\n","protected":false},"excerpt":{"rendered":"<p>Bei sonnigem Wetter l\u00e4dt der Verein zu einer \u00f6ffentlichen Informationsveranstaltung mit Begehung der Trasse von S\u00fcdbahnhof bis zum Bahn\u00fcbergang Silcherstra\u00dfe. Mit dabei: ein Presseteam des SWR, der im Anschluss \u00fcber die Veranstaltung berichtet (s. Pressearchiv). (Klick auf Bild zum Vergr\u00f6\u00dfern) Unser Vereinsmitglied Gerd Koppenh\u00f6fer hat einen kleinen Film \u00fcber die Veranstaltung erstellt:<\/p>\n","protected":false},"author":7,"featured_media":2783,"comment_status":"closed","ping_status":"open","sticky":false,"template":"","format":"standard","meta":{"footnotes":""},"categories":[11,3],"tags":[],"class_list":["post-2763","post","type-post","status-publish","format-standard","has-post-thumbnail","hentry","category-galerie","category-verein"],"featured_image_urls_v2":{"full":["https:\/\/lerchenbergtunnel.de\/wp-content\/uploads\/2025\/08\/Infoveranstaltung_Freischnitt1-1.jpg",1024,576,false],"thumbnail":["https:\/\/lerchenbergtunnel.de\/wp-content\/uploads\/2025\/08\/Infoveranstaltung_Freischnitt1-1-150x150.jpg",150,150,true],"medium":["https:\/\/lerchenbergtunnel.de\/wp-content\/uploads\/2025\/08\/Infoveranstaltung_Freischnitt1-1-300x169.jpg",300,169,true],"medium_large":["https:\/\/lerchenbergtunnel.de\/wp-content\/uploads\/2025\/08\/Infoveranstaltung_Freischnitt1-1-768x432.jpg",640,360,true],"large":["https:\/\/lerchenbergtunnel.de\/wp-content\/uploads\/2025\/08\/Infoveranstaltung_Freischnitt1-1.jpg",640,360,false],"1536x1536":["https:\/\/lerchenbergtunnel.de\/wp-content\/uploads\/2025\/08\/Infoveranstaltung_Freischnitt1-1.jpg",1024,576,false],"2048x2048":["https:\/\/lerchenbergtunnel.de\/wp-content\/uploads\/2025\/08\/Infoveranstaltung_Freischnitt1-1.jpg",1024,576,false],"complete_open_graph":["https:\/\/lerchenbergtunnel.de\/wp-content\/uploads\/2025\/08\/Infoveranstaltung_Freischnitt1-1.jpg",1024,576,false],"post-thumbnail":["https:\/\/lerchenbergtunnel.de\/wp-content\/uploads\/2025\/08\/Infoveranstaltung_Freischnitt1-1-480x270.jpg",480,270,true],"nisarg-full-width":["https:\/\/lerchenbergtunnel.de\/wp-content\/uploads\/2025\/08\/Infoveranstaltung_Freischnitt1-1.jpg",1024,576,false]},"post_excerpt_stackable_v2":"<p>Bei sonnigem Wetter l\u00e4dt der Verein zu einer \u00f6ffentlichen Informationsveranstaltung mit Begehung der Trasse von S\u00fcdbahnhof bis zum Bahn\u00fcbergang Silcherstra\u00dfe. Mit dabei: ein Presseteam des SWR, der im Anschluss \u00fcber die Veranstaltung berichtet (s. Pressearchiv). (Klick auf Bild zum Vergr\u00f6\u00dfern) Auftakt der Veranstaltung auf dem Parkplatz von Edeka \u00dcltzh\u00f6fer Wolf Theilacker stellt das Projekt vor Die Begehung startet entlang der S\u00fcdbahnhoftrasse in Richtung Lerchenbergtunnel Unter der Stuttgarter Br\u00fccke Interview und Beginn der Freischnittaktion In Position f\u00fcr das Pressefoto Freischnittaktion Unser Vereinsmitglied Gerd Koppenh\u00f6fer hat einen kleinen Film \u00fcber die Veranstaltung erstellt:<\/p>\n","category_list_v2":"<a href=\"https:\/\/lerchenbergtunnel.de\/?cat=11\" rel=\"category\">Galerie<\/a>, <a href=\"https:\/\/lerchenbergtunnel.de\/?cat=3\" rel=\"category\">Verein<\/a>","author_info_v2":{"name":"Admin","url":"https:\/\/lerchenbergtunnel.de\/?author=7"},"comments_num_v2":"0 comments","_links":{"self":[{"href":"https:\/\/lerchenbergtunnel.de\/index.php?rest_route=\/wp\/v2\/posts\/2763","targetHints":{"allow":["GET"]}}],"collection":[{"href":"https:\/\/lerchenbergtunnel.de\/index.php?rest_route=\/wp\/v2\/posts"}],"about":[{"href":"https:\/\/lerchenbergtunnel.de\/index.php?rest_route=\/wp\/v2\/types\/post"}],"author":[{"embeddable":true,"href":"https:\/\/lerchenbergtunnel.de\/index.php?rest_route=\/wp\/v2\/users\/7"}],"replies":[{"embeddable":true,"href":"https:\/\/lerchenbergtunnel.de\/index.php?rest_route=%2Fwp%2Fv2%2Fcomments&post=2763"}],"version-history":[{"count":5,"href":"https:\/\/lerchenbergtunnel.de\/index.php?rest_route=\/wp\/v2\/posts\/2763\/revisions"}],"predecessor-version":[{"id":2811,"href":"https:\/\/lerchenbergtunnel.de\/index.php?rest_route=\/wp\/v2\/posts\/2763\/revisions\/2811"}],"wp:featuredmedia":[{"embeddable":true,"href":"https:\/\/lerchenbergtunnel.de\/index.php?rest_route=\/wp\/v2\/media\/2783"}],"wp:attachment":[{"href":"https:\/\/lerchenbergtunnel.de\/index.php?rest_route=%2Fwp%2Fv2%2Fmedia&parent=2763"}],"wp:term":[{"taxonomy":"category","embeddable":true,"href":"https:\/\/lerchenbergtunnel.de\/index.php?rest_route=%2Fwp%2Fv2%2Fcategories&post=2763"},{"taxonomy":"post_tag","embeddable":true,"href":"https:\/\/lerchenbergtunnel.de\/index.php?rest_route=%2Fwp%2Fv2%2Ftags&post=2763"}],"curies":[{"name":"wp","href":"https:\/\/api.w.org\/{rel}","templated":true}]}}