{"id":2153,"date":"2024-01-15T21:39:13","date_gmt":"2024-01-15T21:39:13","guid":{"rendered":"https:\/\/lerchenbergtunnel.de\/?p=2153"},"modified":"2024-04-10T23:35:12","modified_gmt":"2024-04-10T23:35:12","slug":"bund-kuerzt-foerderungen-projekt-betroffen","status":"publish","type":"post","link":"https:\/\/lerchenbergtunnel.de\/?p=2153","title":{"rendered":"Bund k\u00fcrzt F\u00f6rderungen &#8211; Projekt betroffen?"},"content":{"rendered":"\n<p>Wegen der Haushaltskrise soll bei wichtigen F\u00f6rderprogrammen gek\u00fcrzt werden. Das zeigt eine Vorlage des Bundesfinanzministeriums. Dabei trifft es auch einen F\u00f6rdertopf f\u00fcr Radwege: F\u00fcr den Radverkehr soll beim F\u00f6rderprogramm &#8222;Stadt und Land&#8220; gek\u00fcrzt werden. <a href=\"https:\/\/www.stimme.de\/ueberregional\/deutschland-welt\/politik\/dw\/ampel-koalition-streicht-gelder-fuer-schienen-und-radverkehr-zusammen-art-4880295\" target=\"_blank\" rel=\"noreferrer noopener\">Das berichtet die HN Stimme am 13.01.24 [<em>ST+<\/em>]<\/a>. Um die Aufnahme in dieses Programm f\u00fcr einen Teilzuschuss zur Finanzierung des geplanten Fu\u00df- und Radwegeprojektes auf der ehemaligen Bottwartalbahntrasse hatte sich die Stadt Heilbronn im Jahr 2023 bereits fristgerecht beworben. <\/p>\n\n\n\n<p>Erst im Herbst 2023 hatte das Bundesverkehrsministerium angek\u00fcndigt, die Bundesfinanzhilfen zu verl\u00e4ngern und damit die Planungssicherheit f\u00fcr Land und Kommunen zu verbessern (s.a. <a href=\"https:\/\/www.baden-wuerttemberg.de\/de\/service\/presse\/pressemitteilung\/pid\/bundes-foerderung-stadt-und-land-fuer-fahrrad-infrastruktur-verlaengert-1\" target=\"_blank\" rel=\"noreferrer noopener\">Stellungnahme des VM BaW\u00fc<\/a> hierzu). Was die aktuelle Ank\u00fcndigung der m\u00f6glichen K\u00fcrzungen f\u00fcr die Programmaufnahme des Projektes bedeutet ist derzeit unklar. Sobald es hierzu weitere Informationen gibt, werden wir hier informieren.<\/p>\n\n\n\n<h3 class=\"wp-block-heading\">Update 22.03.24<\/h3>\n\n\n\n<p>Auf R\u00fcckfrage hierzu im Verkehrsministerium antwortete uns Ministerialdirektor Bertold Frie\u00df nun in einem Brief vom 22.03.:<\/p>\n\n\n\n<p>&#8222;[&#8230;] <em>Bezugnehmend auf die von Ihnen angesprochene K\u00fcrzung des Bundesprogramms &#8222;Stadt und Land&#8220; (SuL) kann ich Ihnen mitteilen, dass es hier Unstimmigkeiten in der Berichterstattung gab. Im Bundeshaushalt sind <strong>keine signifikanten K\u00fcrzungen im Bereich Radverkehr<\/strong> festzustellen. Die zur Verf\u00fcgung stehenden Bundesmittel werden den Kommunen f\u00fcr die Rad- und Fu\u00dfverkehrsinfrastruktur entsprechend den Pl\u00e4nen des Landes in genanntem Umfang bereitgestellt<\/em>. [&#8230;]&#8220;<\/p>\n","protected":false},"excerpt":{"rendered":"<p>Wegen der Haushaltskrise soll bei wichtigen F\u00f6rderprogrammen gek\u00fcrzt werden. Das zeigt eine Vorlage des Bundesfinanzministeriums. Dabei trifft es auch einen F\u00f6rdertopf f\u00fcr Radwege: F\u00fcr den Radverkehr soll beim F\u00f6rderprogramm &#8222;Stadt und Land&#8220; gek\u00fcrzt werden. Das berichtet die HN Stimme am 13.01.24 [ST+]. Um die Aufnahme in dieses Programm f\u00fcr einen Teilzuschuss zur Finanzierung des geplanten Fu\u00df- und Radwegeprojektes auf der ehemaligen Bottwartalbahntrasse hatte sich die Stadt Heilbronn im Jahr 2023 bereits fristgerecht beworben. Erst im Herbst 2023 hatte das Bundesverkehrsministerium&#8230;<\/p>\n<p class=\"read-more\"><a class=\"btn btn-default\" href=\"https:\/\/lerchenbergtunnel.de\/?p=2153\">Weiterlesen<span class=\"screen-reader-text\"> Weiterlesen<\/span><\/a><\/p>\n","protected":false},"author":11,"featured_media":0,"comment_status":"closed","ping_status":"open","sticky":false,"template":"","format":"standard","meta":{"footnotes":""},"categories":[4,12],"tags":[],"class_list":["post-2153","post","type-post","status-publish","format-standard","hentry","category-projekt","category-verwandte-themen"],"featured_image_urls_v2":{"full":"","thumbnail":"","medium":"","medium_large":"","large":"","1536x1536":"","2048x2048":"","complete_open_graph":"","post-thumbnail":"","nisarg-full-width":""},"post_excerpt_stackable_v2":"<p>Wegen der Haushaltskrise soll bei wichtigen F\u00f6rderprogrammen gek\u00fcrzt werden. Das zeigt eine Vorlage des Bundesfinanzministeriums. Dabei trifft es auch einen F\u00f6rdertopf f\u00fcr Radwege: F\u00fcr den Radverkehr soll beim F\u00f6rderprogramm &#8222;Stadt und Land&#8220; gek\u00fcrzt werden. Das berichtet die HN Stimme am 13.01.24 [ST+]. Um die Aufnahme in dieses Programm f\u00fcr einen Teilzuschuss zur Finanzierung des geplanten Fu\u00df- und Radwegeprojektes auf der ehemaligen Bottwartalbahntrasse hatte sich die Stadt Heilbronn im Jahr 2023 bereits fristgerecht beworben. Erst im Herbst 2023 hatte das Bundesverkehrsministerium angek\u00fcndigt, die Bundesfinanzhilfen zu verl\u00e4ngern und damit die Planungssicherheit f\u00fcr Land und Kommunen zu verbessern (s.a. Stellungnahme des VM BaW\u00fc&hellip;<\/p>\n","category_list_v2":"<a href=\"https:\/\/lerchenbergtunnel.de\/?cat=4\" rel=\"category\">Projekt<\/a>, <a href=\"https:\/\/lerchenbergtunnel.de\/?cat=12\" rel=\"category\">Verwandte Themen<\/a>","author_info_v2":{"name":"Martin B\u00fccker","url":"https:\/\/lerchenbergtunnel.de\/?author=11"},"comments_num_v2":"0 comments","_links":{"self":[{"href":"https:\/\/lerchenbergtunnel.de\/index.php?rest_route=\/wp\/v2\/posts\/2153","targetHints":{"allow":["GET"]}}],"collection":[{"href":"https:\/\/lerchenbergtunnel.de\/index.php?rest_route=\/wp\/v2\/posts"}],"about":[{"href":"https:\/\/lerchenbergtunnel.de\/index.php?rest_route=\/wp\/v2\/types\/post"}],"author":[{"embeddable":true,"href":"https:\/\/lerchenbergtunnel.de\/index.php?rest_route=\/wp\/v2\/users\/11"}],"replies":[{"embeddable":true,"href":"https:\/\/lerchenbergtunnel.de\/index.php?rest_route=%2Fwp%2Fv2%2Fcomments&post=2153"}],"version-history":[{"count":7,"href":"https:\/\/lerchenbergtunnel.de\/index.php?rest_route=\/wp\/v2\/posts\/2153\/revisions"}],"predecessor-version":[{"id":2184,"href":"https:\/\/lerchenbergtunnel.de\/index.php?rest_route=\/wp\/v2\/posts\/2153\/revisions\/2184"}],"wp:attachment":[{"href":"https:\/\/lerchenbergtunnel.de\/index.php?rest_route=%2Fwp%2Fv2%2Fmedia&parent=2153"}],"wp:term":[{"taxonomy":"category","embeddable":true,"href":"https:\/\/lerchenbergtunnel.de\/index.php?rest_route=%2Fwp%2Fv2%2Fcategories&post=2153"},{"taxonomy":"post_tag","embeddable":true,"href":"https:\/\/lerchenbergtunnel.de\/index.php?rest_route=%2Fwp%2Fv2%2Ftags&post=2153"}],"curies":[{"name":"wp","href":"https:\/\/api.w.org\/{rel}","templated":true}]}}