{"id":1898,"date":"2023-07-10T20:38:46","date_gmt":"2023-07-10T20:38:46","guid":{"rendered":"https:\/\/lerchenbergtunnel.de\/?p=1898"},"modified":"2023-07-12T20:46:32","modified_gmt":"2023-07-12T20:46:32","slug":"einweihung-fuss-radweg-suedbahnhof","status":"publish","type":"post","link":"https:\/\/lerchenbergtunnel.de\/?p=1898","title":{"rendered":"Einweihung Fu\u00df-\/Radweg S\u00fcdbahnhof"},"content":{"rendered":"\n<p>Der Fu\u00df- und Radweg, der das ehemalige S\u00fcdbahnhofareal durchquert, ist bereits seit Ende 2020 fertiggestellt und seit 2021 f\u00fcr die Benutzung freigegeben. Eine offizielle Einweihung hat es damals nicht gegeben &#8211; die Stadt verweist (auf R\u00fcckfrage) auf die damals geltenden Einschr\u00e4nkungen im Rahmen der Corona-Pandemie. Dieses Vers\u00e4umnis soll nun nachgeholt werden, organisiert durch die Fraktion der GR\u00dcNEN auf Initiative unseres Mitglieds Wolf Theilacker.<\/p>\n\n\n\n<p>Geplanter Termin f\u00fcr diese inoffizielle Einweihungsfeier ist <strong>Samstag, 15. Juli, um 11:00 <\/strong>am Weg im Bereich des Parkplatzes von Edeka Ueltzh\u00f6fer.<\/p>\n\n\n\n<p>Geplant sind kleine \u00dcberraschungen, es Sol auch ein gratis Getr\u00e4nk geben! Ebenso werden wir als Verein pr\u00e4sent sein und die Veranstaltung noch einmal nutzen, um unseren Anspruch an eine Verl\u00e4ngerung des Fu\u00df-\/Radwegs in beide Richtungen zu unterstreichen. Die Einladung wird auch in der <a href=\"https:\/\/www.heilbronn.de\/fileadmin\/daten\/stadtheilbronn\/formulare\/rathaus\/aktuelles\/stadtzeitung\/2023\/Heilbronner_Stadtzeitung_1423.pdf\" target=\"_blank\" rel=\"noreferrer noopener\">Heilbronner Stadtzeitung<\/a> am Donnerstag, 13.07. erscheinen (Forum Gemeinderat).<\/p>\n\n\n\n<p><strong>Wir hoffen also auf zahlreiche Teilnahme<\/strong>, um das Interesse an dieser einmaligen Chance f\u00fcr eine attraktive Fu\u00df-\/Radverbindung von Sontheim bis zum Pf\u00fchlpark eindringlich zu demonstrieren! Bitte Termin unbedingt im Bekannten-\/Freundeskreis teilen!! (Artikel auch verf\u00fcgbar auf unserem Facebook-Profil).<\/p>\n\n\n\n<p><em>[Der Fotoausschnitt zeigt \u00fcbrigens die Einweihung der letzten Br\u00fccke der <a href=\"https:\/\/wuppertalbewegung.de\/nordbahntrasse\" target=\"_blank\" rel=\"noreferrer noopener\">Norbahntrasse, Wuppertal<\/a> &#8211; auch um daran zu erinnern, dass solche Projekte umsetzbar sind, wenn der Wille vorhanden ist]<\/em><\/p>\n","protected":false},"excerpt":{"rendered":"<p>Der Fu\u00df- und Radweg, der das ehemalige S\u00fcdbahnhofareal durchquert, ist bereits seit Ende 2020 fertiggestellt und seit 2021 f\u00fcr die Benutzung freigegeben. Eine offizielle Einweihung hat es damals nicht gegeben &#8211; die Stadt verweist (auf R\u00fcckfrage) auf die damals geltenden Einschr\u00e4nkungen im Rahmen der Corona-Pandemie. Dieses Vers\u00e4umnis soll nun nachgeholt werden, organisiert durch die Fraktion der GR\u00dcNEN auf Initiative unseres Mitglieds Wolf Theilacker. Geplanter Termin f\u00fcr diese inoffizielle Einweihungsfeier ist Samstag, 15. Juli, um 11:00 am Weg im Bereich des&#8230;<\/p>\n<p class=\"read-more\"><a class=\"btn btn-default\" href=\"https:\/\/lerchenbergtunnel.de\/?p=1898\">Weiterlesen<span class=\"screen-reader-text\"> Weiterlesen<\/span><\/a><\/p>\n","protected":false},"author":11,"featured_media":1900,"comment_status":"closed","ping_status":"open","sticky":false,"template":"","format":"standard","meta":{"footnotes":""},"categories":[4,3],"tags":[],"class_list":["post-1898","post","type-post","status-publish","format-standard","has-post-thumbnail","hentry","category-projekt","category-verein"],"featured_image_urls_v2":{"full":["https:\/\/lerchenbergtunnel.de\/wp-content\/uploads\/2023\/07\/Einweihung.jpg",687,355,false],"thumbnail":["https:\/\/lerchenbergtunnel.de\/wp-content\/uploads\/2023\/07\/Einweihung-150x150.jpg",150,150,true],"medium":["https:\/\/lerchenbergtunnel.de\/wp-content\/uploads\/2023\/07\/Einweihung-300x155.jpg",300,155,true],"medium_large":["https:\/\/lerchenbergtunnel.de\/wp-content\/uploads\/2023\/07\/Einweihung.jpg",640,331,false],"large":["https:\/\/lerchenbergtunnel.de\/wp-content\/uploads\/2023\/07\/Einweihung.jpg",640,331,false],"1536x1536":["https:\/\/lerchenbergtunnel.de\/wp-content\/uploads\/2023\/07\/Einweihung.jpg",687,355,false],"2048x2048":["https:\/\/lerchenbergtunnel.de\/wp-content\/uploads\/2023\/07\/Einweihung.jpg",687,355,false],"complete_open_graph":["https:\/\/lerchenbergtunnel.de\/wp-content\/uploads\/2023\/07\/Einweihung.jpg",687,355,false],"post-thumbnail":["https:\/\/lerchenbergtunnel.de\/wp-content\/uploads\/2023\/07\/Einweihung-523x270.jpg",523,270,true],"nisarg-full-width":["https:\/\/lerchenbergtunnel.de\/wp-content\/uploads\/2023\/07\/Einweihung.jpg",687,355,false]},"post_excerpt_stackable_v2":"<p>Der Fu\u00df- und Radweg, der das ehemalige S\u00fcdbahnhofareal durchquert, ist bereits seit Ende 2020 fertiggestellt und seit 2021 f\u00fcr die Benutzung freigegeben. Eine offizielle Einweihung hat es damals nicht gegeben &#8211; die Stadt verweist (auf R\u00fcckfrage) auf die damals geltenden Einschr\u00e4nkungen im Rahmen der Corona-Pandemie. Dieses Vers\u00e4umnis soll nun nachgeholt werden, organisiert durch die Fraktion der GR\u00dcNEN auf Initiative unseres Mitglieds Wolf Theilacker. Geplanter Termin f\u00fcr diese inoffizielle Einweihungsfeier ist Samstag, 15. Juli, um 11:00 am Weg im Bereich des Parkplatzes von Edeka Ueltzh\u00f6fer. Geplant sind kleine \u00dcberraschungen, es Sol auch ein gratis Getr\u00e4nk geben! Ebenso werden wir als Verein&hellip;<\/p>\n","category_list_v2":"<a href=\"https:\/\/lerchenbergtunnel.de\/?cat=4\" rel=\"category\">Projekt<\/a>, <a href=\"https:\/\/lerchenbergtunnel.de\/?cat=3\" rel=\"category\">Verein<\/a>","author_info_v2":{"name":"Martin B\u00fccker","url":"https:\/\/lerchenbergtunnel.de\/?author=11"},"comments_num_v2":"0 comments","_links":{"self":[{"href":"https:\/\/lerchenbergtunnel.de\/index.php?rest_route=\/wp\/v2\/posts\/1898","targetHints":{"allow":["GET"]}}],"collection":[{"href":"https:\/\/lerchenbergtunnel.de\/index.php?rest_route=\/wp\/v2\/posts"}],"about":[{"href":"https:\/\/lerchenbergtunnel.de\/index.php?rest_route=\/wp\/v2\/types\/post"}],"author":[{"embeddable":true,"href":"https:\/\/lerchenbergtunnel.de\/index.php?rest_route=\/wp\/v2\/users\/11"}],"replies":[{"embeddable":true,"href":"https:\/\/lerchenbergtunnel.de\/index.php?rest_route=%2Fwp%2Fv2%2Fcomments&post=1898"}],"version-history":[{"count":5,"href":"https:\/\/lerchenbergtunnel.de\/index.php?rest_route=\/wp\/v2\/posts\/1898\/revisions"}],"predecessor-version":[{"id":1908,"href":"https:\/\/lerchenbergtunnel.de\/index.php?rest_route=\/wp\/v2\/posts\/1898\/revisions\/1908"}],"wp:featuredmedia":[{"embeddable":true,"href":"https:\/\/lerchenbergtunnel.de\/index.php?rest_route=\/wp\/v2\/media\/1900"}],"wp:attachment":[{"href":"https:\/\/lerchenbergtunnel.de\/index.php?rest_route=%2Fwp%2Fv2%2Fmedia&parent=1898"}],"wp:term":[{"taxonomy":"category","embeddable":true,"href":"https:\/\/lerchenbergtunnel.de\/index.php?rest_route=%2Fwp%2Fv2%2Fcategories&post=1898"},{"taxonomy":"post_tag","embeddable":true,"href":"https:\/\/lerchenbergtunnel.de\/index.php?rest_route=%2Fwp%2Fv2%2Ftags&post=1898"}],"curies":[{"name":"wp","href":"https:\/\/api.w.org\/{rel}","templated":true}]}}