{"id":1007,"date":"2020-02-15T08:16:00","date_gmt":"2020-02-15T08:16:00","guid":{"rendered":"https:\/\/lerchenbergtunnel.de\/?p=1007"},"modified":"2020-04-06T08:24:58","modified_gmt":"2020-04-06T08:24:58","slug":"suedbahnhof-trasse-vor-baustart","status":"publish","type":"post","link":"https:\/\/lerchenbergtunnel.de\/?p=1007","title":{"rendered":"S\u00fcdbahnhof-Trasse vor Baustart"},"content":{"rendered":"\n<p>Bereits seit 2019 ist in westlicher Richtung bereits ein Teilst\u00fcck der S\u00fcdbahnhof-Trasse f\u00fcr die \u00d6ffentlichkeit zug\u00e4nglich (parallel zum Edeka bis Einm\u00fcndung Rathenauplatz). In \u00f6stlicher Richtung und in Fortsetzung hinter der Unterf\u00fchrung Stuttgarter Br\u00fccke sind bislang nur erste Erdarbeiten erfolgt.<\/p>\n\n\n\n<p>Hier gibt es weitere Bilder vom Stand Februar 2020:<\/p>\n\n\n\n<!--more-->\n\n\n\n<h4 class=\"wp-block-heading\">(Zum Vergr\u00f6\u00dfern \/ Start der Slideshow Bild anklicken)<br><\/h4>\n\n\n\n<figure class=\"wp-block-gallery columns-3 is-cropped wp-block-gallery-1 is-layout-flex wp-block-gallery-is-layout-flex\"><ul class=\"blocks-gallery-grid\"><li class=\"blocks-gallery-item\"><figure><a href=\"https:\/\/lerchenbergtunnel.de\/wp-content\/uploads\/2020\/04\/Suedbahnhoftrasse_0220_8.jpg\"><img loading=\"lazy\" decoding=\"async\" width=\"1024\" height=\"768\" src=\"https:\/\/lerchenbergtunnel.de\/wp-content\/uploads\/2020\/04\/Suedbahnhoftrasse_0220_8.jpg\" alt=\"\" data-id=\"943\" data-full-url=\"https:\/\/lerchenbergtunnel.de\/wp-content\/uploads\/2020\/04\/Suedbahnhoftrasse_0220_8.jpg\" data-link=\"https:\/\/lerchenbergtunnel.de\/?attachment_id=943\" class=\"wp-image-943\" srcset=\"https:\/\/lerchenbergtunnel.de\/wp-content\/uploads\/2020\/04\/Suedbahnhoftrasse_0220_8.jpg 1024w, https:\/\/lerchenbergtunnel.de\/wp-content\/uploads\/2020\/04\/Suedbahnhoftrasse_0220_8-300x225.jpg 300w, https:\/\/lerchenbergtunnel.de\/wp-content\/uploads\/2020\/04\/Suedbahnhoftrasse_0220_8-768x576.jpg 768w, https:\/\/lerchenbergtunnel.de\/wp-content\/uploads\/2020\/04\/Suedbahnhoftrasse_0220_8-360x270.jpg 360w\" sizes=\"auto, (max-width: 1024px) 100vw, 1024px\" \/><\/a><figcaption class=\"blocks-gallery-item__caption\">15.02.2020 &#8211; Derzeitiges Ende am Rathenauplatz<\/figcaption><\/figure><\/li><li class=\"blocks-gallery-item\"><figure><a href=\"https:\/\/lerchenbergtunnel.de\/wp-content\/uploads\/2020\/04\/Suedbahnhoftrasse_0220_7.jpg\"><img loading=\"lazy\" decoding=\"async\" width=\"576\" height=\"768\" src=\"https:\/\/lerchenbergtunnel.de\/wp-content\/uploads\/2020\/04\/Suedbahnhoftrasse_0220_7.jpg\" alt=\"\" data-id=\"942\" data-full-url=\"https:\/\/lerchenbergtunnel.de\/wp-content\/uploads\/2020\/04\/Suedbahnhoftrasse_0220_7.jpg\" data-link=\"https:\/\/lerchenbergtunnel.de\/?attachment_id=942\" class=\"wp-image-942\" srcset=\"https:\/\/lerchenbergtunnel.de\/wp-content\/uploads\/2020\/04\/Suedbahnhoftrasse_0220_7.jpg 576w, https:\/\/lerchenbergtunnel.de\/wp-content\/uploads\/2020\/04\/Suedbahnhoftrasse_0220_7-225x300.jpg 225w, https:\/\/lerchenbergtunnel.de\/wp-content\/uploads\/2020\/04\/Suedbahnhoftrasse_0220_7-203x270.jpg 203w\" sizes=\"auto, (max-width: 576px) 100vw, 576px\" \/><\/a><figcaption class=\"blocks-gallery-item__caption\">15.02.2020 &#8211; Bereits fertiges Teilst\u00fcck am S\u00fcdbahnhof, Blick Richtung Rathenauplatz<\/figcaption><\/figure><\/li><li class=\"blocks-gallery-item\"><figure><a href=\"https:\/\/lerchenbergtunnel.de\/wp-content\/uploads\/2020\/04\/Suedbahnhoftrasse_0220_6.jpg\"><img loading=\"lazy\" decoding=\"async\" width=\"576\" height=\"768\" src=\"https:\/\/lerchenbergtunnel.de\/wp-content\/uploads\/2020\/04\/Suedbahnhoftrasse_0220_6.jpg\" alt=\"\" data-id=\"941\" data-full-url=\"https:\/\/lerchenbergtunnel.de\/wp-content\/uploads\/2020\/04\/Suedbahnhoftrasse_0220_6.jpg\" data-link=\"https:\/\/lerchenbergtunnel.de\/?attachment_id=941\" class=\"wp-image-941\" srcset=\"https:\/\/lerchenbergtunnel.de\/wp-content\/uploads\/2020\/04\/Suedbahnhoftrasse_0220_6.jpg 576w, https:\/\/lerchenbergtunnel.de\/wp-content\/uploads\/2020\/04\/Suedbahnhoftrasse_0220_6-225x300.jpg 225w, https:\/\/lerchenbergtunnel.de\/wp-content\/uploads\/2020\/04\/Suedbahnhoftrasse_0220_6-203x270.jpg 203w\" sizes=\"auto, (max-width: 576px) 100vw, 576px\" \/><\/a><figcaption class=\"blocks-gallery-item__caption\">15.02.2020 &#8211; Derzeitiges Ende Teilst\u00fcck S\u00fcdbahnhof<\/figcaption><\/figure><\/li><li class=\"blocks-gallery-item\"><figure><a href=\"https:\/\/lerchenbergtunnel.de\/wp-content\/uploads\/2020\/04\/Suedbahnhoftrasse_0220_5.jpg\"><img loading=\"lazy\" decoding=\"async\" width=\"576\" height=\"768\" src=\"https:\/\/lerchenbergtunnel.de\/wp-content\/uploads\/2020\/04\/Suedbahnhoftrasse_0220_5.jpg\" alt=\"\" data-id=\"940\" data-full-url=\"https:\/\/lerchenbergtunnel.de\/wp-content\/uploads\/2020\/04\/Suedbahnhoftrasse_0220_5.jpg\" data-link=\"https:\/\/lerchenbergtunnel.de\/?attachment_id=940\" class=\"wp-image-940\" srcset=\"https:\/\/lerchenbergtunnel.de\/wp-content\/uploads\/2020\/04\/Suedbahnhoftrasse_0220_5.jpg 576w, https:\/\/lerchenbergtunnel.de\/wp-content\/uploads\/2020\/04\/Suedbahnhoftrasse_0220_5-225x300.jpg 225w, https:\/\/lerchenbergtunnel.de\/wp-content\/uploads\/2020\/04\/Suedbahnhoftrasse_0220_5-203x270.jpg 203w\" sizes=\"auto, (max-width: 576px) 100vw, 576px\" \/><\/a><figcaption class=\"blocks-gallery-item__caption\">15.02.2020 &#8211; S\u00fcdbahnhof (Blick von Stuttgarter Br\u00fccke)<\/figcaption><\/figure><\/li><li class=\"blocks-gallery-item\"><figure><a href=\"https:\/\/lerchenbergtunnel.de\/wp-content\/uploads\/2020\/04\/Suedbahnhoftrasse_0220_4.jpg\"><img loading=\"lazy\" decoding=\"async\" width=\"576\" height=\"768\" src=\"https:\/\/lerchenbergtunnel.de\/wp-content\/uploads\/2020\/04\/Suedbahnhoftrasse_0220_4.jpg\" alt=\"\" data-id=\"947\" data-full-url=\"https:\/\/lerchenbergtunnel.de\/wp-content\/uploads\/2020\/04\/Suedbahnhoftrasse_0220_4.jpg\" data-link=\"https:\/\/lerchenbergtunnel.de\/?attachment_id=947\" class=\"wp-image-947\" srcset=\"https:\/\/lerchenbergtunnel.de\/wp-content\/uploads\/2020\/04\/Suedbahnhoftrasse_0220_4.jpg 576w, https:\/\/lerchenbergtunnel.de\/wp-content\/uploads\/2020\/04\/Suedbahnhoftrasse_0220_4-225x300.jpg 225w, https:\/\/lerchenbergtunnel.de\/wp-content\/uploads\/2020\/04\/Suedbahnhoftrasse_0220_4-203x270.jpg 203w\" sizes=\"auto, (max-width: 576px) 100vw, 576px\" \/><\/a><figcaption class=\"blocks-gallery-item__caption\">15.02.2020 &#8211; &#8222;Eidechsenpark&#8220; (Blick von Stuttgarter Br\u00fccke)<\/figcaption><\/figure><\/li><li class=\"blocks-gallery-item\"><figure><a href=\"https:\/\/lerchenbergtunnel.de\/wp-content\/uploads\/2020\/04\/Suedbahnhoftrasse_0220_3.jpg\"><img loading=\"lazy\" decoding=\"async\" width=\"576\" height=\"768\" src=\"https:\/\/lerchenbergtunnel.de\/wp-content\/uploads\/2020\/04\/Suedbahnhoftrasse_0220_3.jpg\" alt=\"\" data-id=\"946\" data-full-url=\"https:\/\/lerchenbergtunnel.de\/wp-content\/uploads\/2020\/04\/Suedbahnhoftrasse_0220_3.jpg\" data-link=\"https:\/\/lerchenbergtunnel.de\/?attachment_id=946\" class=\"wp-image-946\" srcset=\"https:\/\/lerchenbergtunnel.de\/wp-content\/uploads\/2020\/04\/Suedbahnhoftrasse_0220_3.jpg 576w, https:\/\/lerchenbergtunnel.de\/wp-content\/uploads\/2020\/04\/Suedbahnhoftrasse_0220_3-225x300.jpg 225w, https:\/\/lerchenbergtunnel.de\/wp-content\/uploads\/2020\/04\/Suedbahnhoftrasse_0220_3-203x270.jpg 203w\" sizes=\"auto, (max-width: 576px) 100vw, 576px\" \/><\/a><figcaption class=\"blocks-gallery-item__caption\">15.02.2020 &#8211; &#8222;Eidechsenpark&#8220; (Blick von Silcherstr.)<\/figcaption><\/figure><\/li><li class=\"blocks-gallery-item\"><figure><a href=\"https:\/\/lerchenbergtunnel.de\/wp-content\/uploads\/2020\/04\/Suedbahnhoftrasse_0220_2.jpg\"><img loading=\"lazy\" decoding=\"async\" width=\"1024\" height=\"768\" src=\"https:\/\/lerchenbergtunnel.de\/wp-content\/uploads\/2020\/04\/Suedbahnhoftrasse_0220_2.jpg\" alt=\"\" data-id=\"945\" data-full-url=\"https:\/\/lerchenbergtunnel.de\/wp-content\/uploads\/2020\/04\/Suedbahnhoftrasse_0220_2.jpg\" data-link=\"https:\/\/lerchenbergtunnel.de\/?attachment_id=945\" class=\"wp-image-945\" srcset=\"https:\/\/lerchenbergtunnel.de\/wp-content\/uploads\/2020\/04\/Suedbahnhoftrasse_0220_2.jpg 1024w, https:\/\/lerchenbergtunnel.de\/wp-content\/uploads\/2020\/04\/Suedbahnhoftrasse_0220_2-300x225.jpg 300w, https:\/\/lerchenbergtunnel.de\/wp-content\/uploads\/2020\/04\/Suedbahnhoftrasse_0220_2-768x576.jpg 768w, https:\/\/lerchenbergtunnel.de\/wp-content\/uploads\/2020\/04\/Suedbahnhoftrasse_0220_2-360x270.jpg 360w\" sizes=\"auto, (max-width: 1024px) 100vw, 1024px\" \/><\/a><figcaption class=\"blocks-gallery-item__caption\">15.02.2020 &#8211; &#8222;Eidechsenpark&#8220; (Blick von Silcherstr.)<\/figcaption><\/figure><\/li><li class=\"blocks-gallery-item\"><figure><a href=\"https:\/\/lerchenbergtunnel.de\/wp-content\/uploads\/2020\/04\/Suedbahnhoftrasse_0220_1.jpg\"><img loading=\"lazy\" decoding=\"async\" width=\"576\" height=\"768\" src=\"https:\/\/lerchenbergtunnel.de\/wp-content\/uploads\/2020\/04\/Suedbahnhoftrasse_0220_1.jpg\" alt=\"\" data-id=\"944\" data-full-url=\"https:\/\/lerchenbergtunnel.de\/wp-content\/uploads\/2020\/04\/Suedbahnhoftrasse_0220_1.jpg\" data-link=\"https:\/\/lerchenbergtunnel.de\/?attachment_id=944\" class=\"wp-image-944\" srcset=\"https:\/\/lerchenbergtunnel.de\/wp-content\/uploads\/2020\/04\/Suedbahnhoftrasse_0220_1.jpg 576w, https:\/\/lerchenbergtunnel.de\/wp-content\/uploads\/2020\/04\/Suedbahnhoftrasse_0220_1-225x300.jpg 225w, https:\/\/lerchenbergtunnel.de\/wp-content\/uploads\/2020\/04\/Suedbahnhoftrasse_0220_1-203x270.jpg 203w\" sizes=\"auto, (max-width: 576px) 100vw, 576px\" \/><\/a><figcaption class=\"blocks-gallery-item__caption\">15.02.2020 &#8211; Bahn\u00fcbergang Silcherstr.<\/figcaption><\/figure><\/li><\/ul><figcaption class=\"blocks-gallery-caption\">Fotos (c) M. B\u00fccker \/ W. Theilacker<\/figcaption><\/figure>\n\n\n\n<p><br><a href=\"https:\/\/lerchenbergtunnel.de\/?page_id=755\">&gt; Weitere Bildergalerien<\/a><\/p>\n","protected":false},"excerpt":{"rendered":"<p>Bereits seit 2019 ist in westlicher Richtung bereits ein Teilst\u00fcck der S\u00fcdbahnhof-Trasse f\u00fcr die \u00d6ffentlichkeit zug\u00e4nglich (parallel zum Edeka bis Einm\u00fcndung Rathenauplatz). In \u00f6stlicher Richtung und in Fortsetzung hinter der Unterf\u00fchrung Stuttgarter Br\u00fccke sind bislang nur erste Erdarbeiten erfolgt. Hier gibt es weitere Bilder vom Stand Februar 2020:<\/p>\n","protected":false},"author":11,"featured_media":945,"comment_status":"open","ping_status":"open","sticky":false,"template":"","format":"standard","meta":{"footnotes":""},"categories":[11,4],"tags":[],"class_list":["post-1007","post","type-post","status-publish","format-standard","has-post-thumbnail","hentry","category-galerie","category-projekt"],"featured_image_urls_v2":{"full":["https:\/\/lerchenbergtunnel.de\/wp-content\/uploads\/2020\/04\/Suedbahnhoftrasse_0220_2.jpg",1024,768,false],"thumbnail":["https:\/\/lerchenbergtunnel.de\/wp-content\/uploads\/2020\/04\/Suedbahnhoftrasse_0220_2-150x150.jpg",150,150,true],"medium":["https:\/\/lerchenbergtunnel.de\/wp-content\/uploads\/2020\/04\/Suedbahnhoftrasse_0220_2-300x225.jpg",300,225,true],"medium_large":["https:\/\/lerchenbergtunnel.de\/wp-content\/uploads\/2020\/04\/Suedbahnhoftrasse_0220_2-768x576.jpg",640,480,true],"large":["https:\/\/lerchenbergtunnel.de\/wp-content\/uploads\/2020\/04\/Suedbahnhoftrasse_0220_2.jpg",640,480,false],"1536x1536":["https:\/\/lerchenbergtunnel.de\/wp-content\/uploads\/2020\/04\/Suedbahnhoftrasse_0220_2.jpg",1024,768,false],"2048x2048":["https:\/\/lerchenbergtunnel.de\/wp-content\/uploads\/2020\/04\/Suedbahnhoftrasse_0220_2.jpg",1024,768,false],"complete_open_graph":["https:\/\/lerchenbergtunnel.de\/wp-content\/uploads\/2020\/04\/Suedbahnhoftrasse_0220_2.jpg",1024,768,false],"post-thumbnail":["https:\/\/lerchenbergtunnel.de\/wp-content\/uploads\/2020\/04\/Suedbahnhoftrasse_0220_2-360x270.jpg",360,270,true],"nisarg-full-width":["https:\/\/lerchenbergtunnel.de\/wp-content\/uploads\/2020\/04\/Suedbahnhoftrasse_0220_2-1024x576.jpg",1024,576,true]},"post_excerpt_stackable_v2":"<p>Bereits seit 2019 ist in westlicher Richtung bereits ein Teilst\u00fcck der S\u00fcdbahnhof-Trasse f\u00fcr die \u00d6ffentlichkeit zug\u00e4nglich (parallel zum Edeka bis Einm\u00fcndung Rathenauplatz). In \u00f6stlicher Richtung und in Fortsetzung hinter der Unterf\u00fchrung Stuttgarter Br\u00fccke sind bislang nur erste Erdarbeiten erfolgt. Hier gibt es weitere Bilder vom Stand Februar 2020: (Zum Vergr\u00f6\u00dfern \/ Start der Slideshow Bild anklicken) 15.02.2020 &#8211; Derzeitiges Ende am Rathenauplatz15.02.2020 &#8211; Bereits fertiges Teilst\u00fcck am S\u00fcdbahnhof, Blick Richtung Rathenauplatz15.02.2020 &#8211; Derzeitiges Ende Teilst\u00fcck S\u00fcdbahnhof15.02.2020 &#8211; S\u00fcdbahnhof (Blick von Stuttgarter Br\u00fccke)15.02.2020 &#8211; &#8222;Eidechsenpark&#8220; (Blick von Stuttgarter Br\u00fccke)15.02.2020 &#8211; &#8222;Eidechsenpark&#8220; (Blick von Silcherstr.)15.02.2020 &#8211; &#8222;Eidechsenpark&#8220; (Blick von Silcherstr.)15.02.2020 &#8211; Bahn\u00fcbergang&hellip;<\/p>\n","category_list_v2":"<a href=\"https:\/\/lerchenbergtunnel.de\/?cat=11\" rel=\"category\">Galerie<\/a>, <a href=\"https:\/\/lerchenbergtunnel.de\/?cat=4\" rel=\"category\">Projekt<\/a>","author_info_v2":{"name":"Martin B\u00fccker","url":"https:\/\/lerchenbergtunnel.de\/?author=11"},"comments_num_v2":"0 comments","_links":{"self":[{"href":"https:\/\/lerchenbergtunnel.de\/index.php?rest_route=\/wp\/v2\/posts\/1007","targetHints":{"allow":["GET"]}}],"collection":[{"href":"https:\/\/lerchenbergtunnel.de\/index.php?rest_route=\/wp\/v2\/posts"}],"about":[{"href":"https:\/\/lerchenbergtunnel.de\/index.php?rest_route=\/wp\/v2\/types\/post"}],"author":[{"embeddable":true,"href":"https:\/\/lerchenbergtunnel.de\/index.php?rest_route=\/wp\/v2\/users\/11"}],"replies":[{"embeddable":true,"href":"https:\/\/lerchenbergtunnel.de\/index.php?rest_route=%2Fwp%2Fv2%2Fcomments&post=1007"}],"version-history":[{"count":2,"href":"https:\/\/lerchenbergtunnel.de\/index.php?rest_route=\/wp\/v2\/posts\/1007\/revisions"}],"predecessor-version":[{"id":1010,"href":"https:\/\/lerchenbergtunnel.de\/index.php?rest_route=\/wp\/v2\/posts\/1007\/revisions\/1010"}],"wp:featuredmedia":[{"embeddable":true,"href":"https:\/\/lerchenbergtunnel.de\/index.php?rest_route=\/wp\/v2\/media\/945"}],"wp:attachment":[{"href":"https:\/\/lerchenbergtunnel.de\/index.php?rest_route=%2Fwp%2Fv2%2Fmedia&parent=1007"}],"wp:term":[{"taxonomy":"category","embeddable":true,"href":"https:\/\/lerchenbergtunnel.de\/index.php?rest_route=%2Fwp%2Fv2%2Fcategories&post=1007"},{"taxonomy":"post_tag","embeddable":true,"href":"https:\/\/lerchenbergtunnel.de\/index.php?rest_route=%2Fwp%2Fv2%2Ftags&post=1007"}],"curies":[{"name":"wp","href":"https:\/\/api.w.org\/{rel}","templated":true}]}}